{"id":1063,"date":"2022-06-03T11:56:10","date_gmt":"2022-06-03T09:56:10","guid":{"rendered":"https:\/\/www.green24.ro\/?p=1063"},"modified":"2022-06-03T11:56:13","modified_gmt":"2022-06-03T09:56:13","slug":"o-tona-de-deseuri-se-strang-saptamanal-de-la-soferii-de-pe-valea-oltului-politia-nu-a-dat-nicio-amenda-in-2022","status":"publish","type":"post","link":"https:\/\/www.green24.ro\/index.php\/2022\/06\/03\/o-tona-de-deseuri-se-strang-saptamanal-de-la-soferii-de-pe-valea-oltului-politia-nu-a-dat-nicio-amenda-in-2022\/","title":{"rendered":"O ton\u0103 de de\u0219euri se str\u00e2ng s\u0103pt\u0103m\u00e2nal de la \u0219oferii de pe Valea Oltului. Poli\u021bia nu a dat nicio amend\u0103 \u00een 2022"},"content":{"rendered":"<h4 style=\"text-align: justify;\">Aproape o ton\u0103 de de\u0219euri str\u00e2ng drumarii, \u00een fiecare s\u0103pt\u0103m\u00e2n\u0103, de pe Valea Oltului de la \u0219oferii care \u00ee\u0219i arunc\u0103 gunoiul din ma\u0219in\u0103. Ace\u0219tia se pl\u00e2ng c\u0103 nu mai fac fa\u021b\u0103 \u0219i cer ajutor poli\u021biei \u0219i administra\u021biilor locale.<\/h4>\n<p style=\"text-align: justify;\">Nu a fost aplicat\u0103 \u00eens\u0103 nicio amend\u0103 pe parcursul acestui an \u0219oferilor care arunc\u0103 gunoaie \u00een trafic, scrie Turnul Sfatului.<\/p>\n<p style=\"text-align: justify;\">\u201dColegii no\u0219tri de la Districtul \u0218elimb\u0103r, din cadrul Sec\u021biei de Drumuri Na\u021bionale Sibiu, adun\u0103 \u00een fiecare s\u0103pt\u0103m\u00e2n\u0103 aproximativ o ton\u0103 de de\u0219euri de pe tronsonul administrat de DRDP Bra\u0219ov pe DN7.<\/p>\n<p style=\"text-align: justify;\">Adesea gunoiul de pe marginea drumului provine chiar din gospod\u0103riile din apropierea drumului. Astfel,\u00a0suntem nevoi\u021bi s\u0103 str\u00e2ngem \u0219i de\u0219euri care nu ar avea ce s\u0103 caute acolo, cum ar fi: electrocasnice vechi, mobilier sau de\u0219euri din materiale de construc\u021bii\u201d, sus\u021bine directorul Direc\u021biei Regionale de Drumuri \u0219i Poduri Bra\u0219ov (DRDP), Alexandru Du\u021bu.<\/p>\n<p style=\"text-align: justify;\">Drumarii spun c\u0103 singuri nu fac fa\u021b\u0103 \u0219i nu pot str\u00e2nge muntele de gunoaie care se adun\u0103 \u00een urma traficului de pe Valea Oltului \u0219i cer aplicarea amenzilor \u0219i mai multe controale din partea autorit\u0103\u021bilor.<\/p>\n<p style=\"text-align: justify;\">O variant\u0103 folosit\u0103 \u00een alte state, camerele video, nu este luat\u0103 \u00een calcul de DRDP Bra\u0219ov, sus\u021bine directorul regional Alexandru Du\u021bu.<\/p>\n<p style=\"text-align: justify;\">\u201dDin p\u0103cate, \u00een cele mai multe parc\u0103ri montarea de camere de luat vederi nu este o op\u021biune viabil\u0103, av\u00e2nd \u00een vedere c\u0103 cele mai multe se afl\u0103 \u00een zone extravilane, f\u0103r\u0103 curent electric \u0219i, adesea, chiar f\u0103r\u0103 acoperire de semnal GSM. Oricum, chiar dac\u0103 am avea dovezi video cu cei care abandoneaz\u0103 de\u0219euri \u00een zone neadecvate, identificarea celor \u00een culp\u0103, precum \u0219i amenzile, ar trebui aplicate tot de organele competente \u00een domeniu (Poli\u021bie, autorit\u0103\u021bi de mediu etc.)\u201d, sus\u021bine Du\u021bu.<\/p>\n<p style=\"text-align: justify;\">Un \u0219ofer care arunc\u0103 gunoaie pe geamul ma\u0219inii este pasibil de o amend\u0103 minim\u0103 de 1.305 lei, contravaloarea a 9 puncte de amend\u0103, potrivit Ministerului Afacerilor Interne.<\/p>\n<hr \/>\n<h4 style=\"text-align: center;\">Mai mul\u0163i saci cu ciment \u00eent\u0103rit au fost abandona\u021bi la marginea unei p\u0103duri, \u00eentre Runcu \u0219i Tismana, \u00een jude\u021bul Gorj.<\/h4>\n<hr \/>\n<p>De\u0219eurile au fost l\u0103sate \u00een zona unor pubele de pe marginea DN 67D, \u00eentr-un canton silvic.<\/p>\n<p style=\"text-align: justify;\">De\u0219eurile din construc\u021bii au un regim special. Drumarii le solicit\u0103 cet\u0103\u021benilor s\u0103 apeleze la firme de salubritate \u0219i s\u0103 nu le mai lase oriunde.<\/p>\n<p>Unii \u0219oferi \u0219i-au f\u0103cut un obicei din a arunca gunoiul pe marginea \u0219oselelor.<\/p>\n<p><img loading=\"lazy\" decoding=\"async\" class=\"size-full wp-image-1065 aligncenter\" src=\"https:\/\/www.green24.ro\/wp-content\/uploads\/2022\/06\/deseuri-abandonate-padure.webp\" alt=\"\" width=\"1056\" height=\"599\" srcset=\"https:\/\/www.green24.ro\/wp-content\/uploads\/2022\/06\/deseuri-abandonate-padure.webp 1056w, https:\/\/www.green24.ro\/wp-content\/uploads\/2022\/06\/deseuri-abandonate-padure-300x170.webp 300w, https:\/\/www.green24.ro\/wp-content\/uploads\/2022\/06\/deseuri-abandonate-padure-1024x581.webp 1024w, https:\/\/www.green24.ro\/wp-content\/uploads\/2022\/06\/deseuri-abandonate-padure-768x436.webp 768w\" sizes=\"auto, (max-width: 1056px) 100vw, 1056px\" \/><\/p>\n<pre>surse: <a href=\"https:\/\/spotmedia.ro\/stiri\/mediu\/o-tona-de-deseuri-se-strang-saptamanal-de-la-soferii-de-pe-valea-oltului-politia-nu-a-dat-nicio-amenda-in-2022\">spotmedia<\/a>, <a href=\"https:\/\/www.gds.ro\/Local\/2022-05-06\/gorj-deseuri-din-constructii-abandonate-la-marginea-unei-paduri-in-zona-dn-67d\/\">GDS<\/a><\/pre>\n","protected":false},"excerpt":{"rendered":"<p>Aproape o ton\u0103 de de\u0219euri str\u00e2ng drumarii, \u00een fiecare s\u0103pt\u0103m\u00e2n\u0103, de pe Valea Oltului de la \u0219oferii care \u00ee\u0219i arunc\u0103 gunoiul din ma\u0219in\u0103. Ace\u0219tia se pl\u00e2ng c\u0103 nu mai fac fa\u021b\u0103 \u0219i cer ajutor poli\u021biei \u0219i administra\u021biilor locale. Nu a fost aplicat\u0103 \u00eens\u0103 nicio amend\u0103 pe parcursul acestui an \u0219oferilor [&hellip;]<\/p>\n","protected":false},"author":1,"featured_media":1064,"comment_status":"open","ping_status":"open","sticky":false,"template":"","format":"standard","meta":{"content-type":"","footnotes":"","jetpack_publicize_message":"","jetpack_publicize_feature_enabled":true,"jetpack_social_post_already_shared":true,"jetpack_social_options":{"image_generator_settings":{"template":"highway","default_image_id":0,"font":"","enabled":false},"version":2}},"categories":[5,9,6],"tags":[],"class_list":["post-1063","post","type-post","status-publish","format-standard","has-post-thumbnail","hentry","category-blog","category-company","category-prime"],"yoast_head":"<!-- This site is optimized with the Yoast SEO plugin v24.9 - https:\/\/yoast.com\/wordpress\/plugins\/seo\/ -->\n<title>O ton\u0103 de de\u0219euri se str\u00e2ng s\u0103pt\u0103m\u00e2nal de la \u0219oferii de pe Valea Oltului. Poli\u021bia nu a dat nicio amend\u0103 \u00een 2022 - Green24.ro<\/title>\n<meta name=\"description\" content=\"Aproape o ton\u0103 de de\u0219euri str\u00e2ng drumarii, \u00een fiecare s\u0103pt\u0103m\u00e2n\u0103, de pe Valea Oltului de la \u0219oferii care \u00ee\u0219i arunc\u0103 gunoiul din ma\u0219in\u0103. Ace\u0219tia se pl\u00e2ng c\u0103 nu mai fac fa\u021b\u0103 \u0219i cer ajutor poli\u021biei \u0219i administra\u021biilor locale.\" \/>\n<meta name=\"robots\" content=\"index, follow, max-snippet:-1, max-image-preview:large, max-video-preview:-1\" \/>\n<link rel=\"canonical\" href=\"https:\/\/www.green24.ro\/index.php\/2022\/06\/03\/o-tona-de-deseuri-se-strang-saptamanal-de-la-soferii-de-pe-valea-oltului-politia-nu-a-dat-nicio-amenda-in-2022\/\" \/>\n<meta property=\"og:locale\" content=\"en_US\" \/>\n<meta property=\"og:type\" content=\"article\" \/>\n<meta property=\"og:title\" content=\"O ton\u0103 de de\u0219euri se str\u00e2ng s\u0103pt\u0103m\u00e2nal de la \u0219oferii de pe Valea Oltului. Poli\u021bia nu a dat nicio amend\u0103 \u00een 2022 - Green24.ro\" \/>\n<meta property=\"og:description\" content=\"Aproape o ton\u0103 de de\u0219euri str\u00e2ng drumarii, \u00een fiecare s\u0103pt\u0103m\u00e2n\u0103, de pe Valea Oltului de la \u0219oferii care \u00ee\u0219i arunc\u0103 gunoiul din ma\u0219in\u0103. Ace\u0219tia se pl\u00e2ng c\u0103 nu mai fac fa\u021b\u0103 \u0219i cer ajutor poli\u021biei \u0219i administra\u021biilor locale.\" \/>\n<meta property=\"og:url\" content=\"https:\/\/www.green24.ro\/index.php\/2022\/06\/03\/o-tona-de-deseuri-se-strang-saptamanal-de-la-soferii-de-pe-valea-oltului-politia-nu-a-dat-nicio-amenda-in-2022\/\" \/>\n<meta property=\"og:site_name\" content=\"Green24.ro\" \/>\n<meta property=\"article:publisher\" content=\"https:\/\/www.facebook.com\/green24ro\/\" \/>\n<meta property=\"article:author\" content=\"https:\/\/www.facebook.com\/green24ro\/\" \/>\n<meta property=\"article:published_time\" content=\"2022-06-03T09:56:10+00:00\" \/>\n<meta property=\"article:modified_time\" content=\"2022-06-03T09:56:13+00:00\" \/>\n<meta property=\"og:image\" content=\"https:\/\/www.green24.ro\/wp-content\/uploads\/2022\/06\/pollution-box-garbage-forest-nature-environment-disposal-waste-environmental-protection.jpeg\" \/>\n\t<meta property=\"og:image:width\" content=\"880\" \/>\n\t<meta property=\"og:image:height\" content=\"586\" \/>\n\t<meta property=\"og:image:type\" content=\"image\/jpeg\" \/>\n<meta name=\"author\" content=\"Redactia Green24\" \/>\n<meta name=\"twitter:card\" content=\"summary_large_image\" \/>\n<meta name=\"twitter:label1\" content=\"Written by\" \/>\n\t<meta name=\"twitter:data1\" content=\"Redactia Green24\" \/>\n\t<meta name=\"twitter:label2\" content=\"Est. reading time\" \/>\n\t<meta name=\"twitter:data2\" content=\"2 minutes\" \/>\n<script type=\"application\/ld+json\" class=\"yoast-schema-graph\">{\"@context\":\"https:\/\/schema.org\",\"@graph\":[{\"@type\":\"Article\",\"@id\":\"https:\/\/www.green24.ro\/index.php\/2022\/06\/03\/o-tona-de-deseuri-se-strang-saptamanal-de-la-soferii-de-pe-valea-oltului-politia-nu-a-dat-nicio-amenda-in-2022\/#article\",\"isPartOf\":{\"@id\":\"https:\/\/www.green24.ro\/index.php\/2022\/06\/03\/o-tona-de-deseuri-se-strang-saptamanal-de-la-soferii-de-pe-valea-oltului-politia-nu-a-dat-nicio-amenda-in-2022\/\"},\"author\":{\"name\":\"Redactia Green24\",\"@id\":\"https:\/\/www.green24.ro\/#\/schema\/person\/275c7d10a2dd4fb528a2c0ad5d633496\"},\"headline\":\"O ton\u0103 de de\u0219euri se str\u00e2ng s\u0103pt\u0103m\u00e2nal de la \u0219oferii de pe Valea Oltului. Poli\u021bia nu a dat nicio amend\u0103 \u00een 2022\",\"datePublished\":\"2022-06-03T09:56:10+00:00\",\"dateModified\":\"2022-06-03T09:56:13+00:00\",\"mainEntityOfPage\":{\"@id\":\"https:\/\/www.green24.ro\/index.php\/2022\/06\/03\/o-tona-de-deseuri-se-strang-saptamanal-de-la-soferii-de-pe-valea-oltului-politia-nu-a-dat-nicio-amenda-in-2022\/\"},\"wordCount\":458,\"commentCount\":0,\"publisher\":{\"@id\":\"https:\/\/www.green24.ro\/#organization\"},\"image\":{\"@id\":\"https:\/\/www.green24.ro\/index.php\/2022\/06\/03\/o-tona-de-deseuri-se-strang-saptamanal-de-la-soferii-de-pe-valea-oltului-politia-nu-a-dat-nicio-amenda-in-2022\/#primaryimage\"},\"thumbnailUrl\":\"https:\/\/www.green24.ro\/wp-content\/uploads\/2022\/06\/pollution-box-garbage-forest-nature-environment-disposal-waste-environmental-protection.jpeg\",\"articleSection\":[\"Blog\",\"Company\",\"Prime\"],\"inLanguage\":\"en-US\",\"potentialAction\":[{\"@type\":\"CommentAction\",\"name\":\"Comment\",\"target\":[\"https:\/\/www.green24.ro\/index.php\/2022\/06\/03\/o-tona-de-deseuri-se-strang-saptamanal-de-la-soferii-de-pe-valea-oltului-politia-nu-a-dat-nicio-amenda-in-2022\/#respond\"]}]},{\"@type\":\"WebPage\",\"@id\":\"https:\/\/www.green24.ro\/index.php\/2022\/06\/03\/o-tona-de-deseuri-se-strang-saptamanal-de-la-soferii-de-pe-valea-oltului-politia-nu-a-dat-nicio-amenda-in-2022\/\",\"url\":\"https:\/\/www.green24.ro\/index.php\/2022\/06\/03\/o-tona-de-deseuri-se-strang-saptamanal-de-la-soferii-de-pe-valea-oltului-politia-nu-a-dat-nicio-amenda-in-2022\/\",\"name\":\"O ton\u0103 de de\u0219euri se str\u00e2ng s\u0103pt\u0103m\u00e2nal de la \u0219oferii de pe Valea Oltului. Poli\u021bia nu a dat nicio amend\u0103 \u00een 2022 - Green24.ro\",\"isPartOf\":{\"@id\":\"https:\/\/www.green24.ro\/#website\"},\"primaryImageOfPage\":{\"@id\":\"https:\/\/www.green24.ro\/index.php\/2022\/06\/03\/o-tona-de-deseuri-se-strang-saptamanal-de-la-soferii-de-pe-valea-oltului-politia-nu-a-dat-nicio-amenda-in-2022\/#primaryimage\"},\"image\":{\"@id\":\"https:\/\/www.green24.ro\/index.php\/2022\/06\/03\/o-tona-de-deseuri-se-strang-saptamanal-de-la-soferii-de-pe-valea-oltului-politia-nu-a-dat-nicio-amenda-in-2022\/#primaryimage\"},\"thumbnailUrl\":\"https:\/\/www.green24.ro\/wp-content\/uploads\/2022\/06\/pollution-box-garbage-forest-nature-environment-disposal-waste-environmental-protection.jpeg\",\"datePublished\":\"2022-06-03T09:56:10+00:00\",\"dateModified\":\"2022-06-03T09:56:13+00:00\",\"description\":\"Aproape o ton\u0103 de de\u0219euri str\u00e2ng drumarii, \u00een fiecare s\u0103pt\u0103m\u00e2n\u0103, de pe Valea Oltului de la \u0219oferii care \u00ee\u0219i arunc\u0103 gunoiul din ma\u0219in\u0103. Ace\u0219tia se pl\u00e2ng c\u0103 nu mai fac fa\u021b\u0103 \u0219i cer ajutor poli\u021biei \u0219i administra\u021biilor locale.\",\"breadcrumb\":{\"@id\":\"https:\/\/www.green24.ro\/index.php\/2022\/06\/03\/o-tona-de-deseuri-se-strang-saptamanal-de-la-soferii-de-pe-valea-oltului-politia-nu-a-dat-nicio-amenda-in-2022\/#breadcrumb\"},\"inLanguage\":\"en-US\",\"potentialAction\":[{\"@type\":\"ReadAction\",\"target\":[\"https:\/\/www.green24.ro\/index.php\/2022\/06\/03\/o-tona-de-deseuri-se-strang-saptamanal-de-la-soferii-de-pe-valea-oltului-politia-nu-a-dat-nicio-amenda-in-2022\/\"]}]},{\"@type\":\"ImageObject\",\"inLanguage\":\"en-US\",\"@id\":\"https:\/\/www.green24.ro\/index.php\/2022\/06\/03\/o-tona-de-deseuri-se-strang-saptamanal-de-la-soferii-de-pe-valea-oltului-politia-nu-a-dat-nicio-amenda-in-2022\/#primaryimage\",\"url\":\"https:\/\/www.green24.ro\/wp-content\/uploads\/2022\/06\/pollution-box-garbage-forest-nature-environment-disposal-waste-environmental-protection.jpeg\",\"contentUrl\":\"https:\/\/www.green24.ro\/wp-content\/uploads\/2022\/06\/pollution-box-garbage-forest-nature-environment-disposal-waste-environmental-protection.jpeg\",\"width\":880,\"height\":586,\"caption\":\"O ton\u0103 de de\u0219euri se str\u00e2ng s\u0103pt\u0103m\u00e2nal de la \u0219oferii de pe Valea Oltului.\"},{\"@type\":\"BreadcrumbList\",\"@id\":\"https:\/\/www.green24.ro\/index.php\/2022\/06\/03\/o-tona-de-deseuri-se-strang-saptamanal-de-la-soferii-de-pe-valea-oltului-politia-nu-a-dat-nicio-amenda-in-2022\/#breadcrumb\",\"itemListElement\":[{\"@type\":\"ListItem\",\"position\":1,\"name\":\"Home\",\"item\":\"https:\/\/www.green24.ro\/\"},{\"@type\":\"ListItem\",\"position\":2,\"name\":\"O ton\u0103 de de\u0219euri se str\u00e2ng s\u0103pt\u0103m\u00e2nal de la \u0219oferii de pe Valea Oltului. Poli\u021bia nu a dat nicio amend\u0103 \u00een 2022\"}]},{\"@type\":\"WebSite\",\"@id\":\"https:\/\/www.green24.ro\/#website\",\"url\":\"https:\/\/www.green24.ro\/\",\"name\":\"Green24.ro\",\"description\":\"Antreprenoriat verde si responsabilitatea social\u0103\",\"publisher\":{\"@id\":\"https:\/\/www.green24.ro\/#organization\"},\"potentialAction\":[{\"@type\":\"SearchAction\",\"target\":{\"@type\":\"EntryPoint\",\"urlTemplate\":\"https:\/\/www.green24.ro\/?s={search_term_string}\"},\"query-input\":{\"@type\":\"PropertyValueSpecification\",\"valueRequired\":true,\"valueName\":\"search_term_string\"}}],\"inLanguage\":\"en-US\"},{\"@type\":\"Organization\",\"@id\":\"https:\/\/www.green24.ro\/#organization\",\"name\":\"Green24\",\"url\":\"https:\/\/www.green24.ro\/\",\"logo\":{\"@type\":\"ImageObject\",\"inLanguage\":\"en-US\",\"@id\":\"https:\/\/www.green24.ro\/#\/schema\/logo\/image\/\",\"url\":\"https:\/\/www.green24.ro\/wp-content\/uploads\/2022\/02\/green24-17-e1643806452346.png\",\"contentUrl\":\"https:\/\/www.green24.ro\/wp-content\/uploads\/2022\/02\/green24-17-e1643806452346.png\",\"width\":174,\"height\":174,\"caption\":\"Green24\"},\"image\":{\"@id\":\"https:\/\/www.green24.ro\/#\/schema\/logo\/image\/\"},\"sameAs\":[\"https:\/\/www.facebook.com\/green24ro\/\"]},{\"@type\":\"Person\",\"@id\":\"https:\/\/www.green24.ro\/#\/schema\/person\/275c7d10a2dd4fb528a2c0ad5d633496\",\"name\":\"Redactia Green24\",\"image\":{\"@type\":\"ImageObject\",\"inLanguage\":\"en-US\",\"@id\":\"https:\/\/www.green24.ro\/#\/schema\/person\/image\/\",\"url\":\"https:\/\/secure.gravatar.com\/avatar\/ff0d3a759f98829f7ca35637ba02cb3c?s=96&d=mm&r=g\",\"contentUrl\":\"https:\/\/secure.gravatar.com\/avatar\/ff0d3a759f98829f7ca35637ba02cb3c?s=96&d=mm&r=g\",\"caption\":\"Redactia Green24\"},\"description\":\"Green24.ro este sursa zilnic\u0103 de \u0219tiri, online, pentru cei interesa\u021bi de mediul \u00eenconjur\u0103tor.\",\"sameAs\":[\"https:\/\/green24.ro\",\"https:\/\/www.facebook.com\/green24ro\/\"],\"url\":\"https:\/\/www.green24.ro\/index.php\/author\/admin\/\"}]}<\/script>\n<!-- \/ Yoast SEO plugin. -->","yoast_head_json":{"title":"O ton\u0103 de de\u0219euri se str\u00e2ng s\u0103pt\u0103m\u00e2nal de la \u0219oferii de pe Valea Oltului. Poli\u021bia nu a dat nicio amend\u0103 \u00een 2022 - Green24.ro","description":"Aproape o ton\u0103 de de\u0219euri str\u00e2ng drumarii, \u00een fiecare s\u0103pt\u0103m\u00e2n\u0103, de pe Valea Oltului de la \u0219oferii care \u00ee\u0219i arunc\u0103 gunoiul din ma\u0219in\u0103. Ace\u0219tia se pl\u00e2ng c\u0103 nu mai fac fa\u021b\u0103 \u0219i cer ajutor poli\u021biei \u0219i administra\u021biilor locale.","robots":{"index":"index","follow":"follow","max-snippet":"max-snippet:-1","max-image-preview":"max-image-preview:large","max-video-preview":"max-video-preview:-1"},"canonical":"https:\/\/www.green24.ro\/index.php\/2022\/06\/03\/o-tona-de-deseuri-se-strang-saptamanal-de-la-soferii-de-pe-valea-oltului-politia-nu-a-dat-nicio-amenda-in-2022\/","og_locale":"en_US","og_type":"article","og_title":"O ton\u0103 de de\u0219euri se str\u00e2ng s\u0103pt\u0103m\u00e2nal de la \u0219oferii de pe Valea Oltului. Poli\u021bia nu a dat nicio amend\u0103 \u00een 2022 - Green24.ro","og_description":"Aproape o ton\u0103 de de\u0219euri str\u00e2ng drumarii, \u00een fiecare s\u0103pt\u0103m\u00e2n\u0103, de pe Valea Oltului de la \u0219oferii care \u00ee\u0219i arunc\u0103 gunoiul din ma\u0219in\u0103. Ace\u0219tia se pl\u00e2ng c\u0103 nu mai fac fa\u021b\u0103 \u0219i cer ajutor poli\u021biei \u0219i administra\u021biilor locale.","og_url":"https:\/\/www.green24.ro\/index.php\/2022\/06\/03\/o-tona-de-deseuri-se-strang-saptamanal-de-la-soferii-de-pe-valea-oltului-politia-nu-a-dat-nicio-amenda-in-2022\/","og_site_name":"Green24.ro","article_publisher":"https:\/\/www.facebook.com\/green24ro\/","article_author":"https:\/\/www.facebook.com\/green24ro\/","article_published_time":"2022-06-03T09:56:10+00:00","article_modified_time":"2022-06-03T09:56:13+00:00","og_image":[{"width":880,"height":586,"url":"https:\/\/www.green24.ro\/wp-content\/uploads\/2022\/06\/pollution-box-garbage-forest-nature-environment-disposal-waste-environmental-protection.jpeg","type":"image\/jpeg"}],"author":"Redactia Green24","twitter_card":"summary_large_image","twitter_misc":{"Written by":"Redactia Green24","Est. reading time":"2 minutes"},"schema":{"@context":"https:\/\/schema.org","@graph":[{"@type":"Article","@id":"https:\/\/www.green24.ro\/index.php\/2022\/06\/03\/o-tona-de-deseuri-se-strang-saptamanal-de-la-soferii-de-pe-valea-oltului-politia-nu-a-dat-nicio-amenda-in-2022\/#article","isPartOf":{"@id":"https:\/\/www.green24.ro\/index.php\/2022\/06\/03\/o-tona-de-deseuri-se-strang-saptamanal-de-la-soferii-de-pe-valea-oltului-politia-nu-a-dat-nicio-amenda-in-2022\/"},"author":{"name":"Redactia Green24","@id":"https:\/\/www.green24.ro\/#\/schema\/person\/275c7d10a2dd4fb528a2c0ad5d633496"},"headline":"O ton\u0103 de de\u0219euri se str\u00e2ng s\u0103pt\u0103m\u00e2nal de la \u0219oferii de pe Valea Oltului. Poli\u021bia nu a dat nicio amend\u0103 \u00een 2022","datePublished":"2022-06-03T09:56:10+00:00","dateModified":"2022-06-03T09:56:13+00:00","mainEntityOfPage":{"@id":"https:\/\/www.green24.ro\/index.php\/2022\/06\/03\/o-tona-de-deseuri-se-strang-saptamanal-de-la-soferii-de-pe-valea-oltului-politia-nu-a-dat-nicio-amenda-in-2022\/"},"wordCount":458,"commentCount":0,"publisher":{"@id":"https:\/\/www.green24.ro\/#organization"},"image":{"@id":"https:\/\/www.green24.ro\/index.php\/2022\/06\/03\/o-tona-de-deseuri-se-strang-saptamanal-de-la-soferii-de-pe-valea-oltului-politia-nu-a-dat-nicio-amenda-in-2022\/#primaryimage"},"thumbnailUrl":"https:\/\/www.green24.ro\/wp-content\/uploads\/2022\/06\/pollution-box-garbage-forest-nature-environment-disposal-waste-environmental-protection.jpeg","articleSection":["Blog","Company","Prime"],"inLanguage":"en-US","potentialAction":[{"@type":"CommentAction","name":"Comment","target":["https:\/\/www.green24.ro\/index.php\/2022\/06\/03\/o-tona-de-deseuri-se-strang-saptamanal-de-la-soferii-de-pe-valea-oltului-politia-nu-a-dat-nicio-amenda-in-2022\/#respond"]}]},{"@type":"WebPage","@id":"https:\/\/www.green24.ro\/index.php\/2022\/06\/03\/o-tona-de-deseuri-se-strang-saptamanal-de-la-soferii-de-pe-valea-oltului-politia-nu-a-dat-nicio-amenda-in-2022\/","url":"https:\/\/www.green24.ro\/index.php\/2022\/06\/03\/o-tona-de-deseuri-se-strang-saptamanal-de-la-soferii-de-pe-valea-oltului-politia-nu-a-dat-nicio-amenda-in-2022\/","name":"O ton\u0103 de de\u0219euri se str\u00e2ng s\u0103pt\u0103m\u00e2nal de la \u0219oferii de pe Valea Oltului. Poli\u021bia nu a dat nicio amend\u0103 \u00een 2022 - Green24.ro","isPartOf":{"@id":"https:\/\/www.green24.ro\/#website"},"primaryImageOfPage":{"@id":"https:\/\/www.green24.ro\/index.php\/2022\/06\/03\/o-tona-de-deseuri-se-strang-saptamanal-de-la-soferii-de-pe-valea-oltului-politia-nu-a-dat-nicio-amenda-in-2022\/#primaryimage"},"image":{"@id":"https:\/\/www.green24.ro\/index.php\/2022\/06\/03\/o-tona-de-deseuri-se-strang-saptamanal-de-la-soferii-de-pe-valea-oltului-politia-nu-a-dat-nicio-amenda-in-2022\/#primaryimage"},"thumbnailUrl":"https:\/\/www.green24.ro\/wp-content\/uploads\/2022\/06\/pollution-box-garbage-forest-nature-environment-disposal-waste-environmental-protection.jpeg","datePublished":"2022-06-03T09:56:10+00:00","dateModified":"2022-06-03T09:56:13+00:00","description":"Aproape o ton\u0103 de de\u0219euri str\u00e2ng drumarii, \u00een fiecare s\u0103pt\u0103m\u00e2n\u0103, de pe Valea Oltului de la \u0219oferii care \u00ee\u0219i arunc\u0103 gunoiul din ma\u0219in\u0103. Ace\u0219tia se pl\u00e2ng c\u0103 nu mai fac fa\u021b\u0103 \u0219i cer ajutor poli\u021biei \u0219i administra\u021biilor locale.","breadcrumb":{"@id":"https:\/\/www.green24.ro\/index.php\/2022\/06\/03\/o-tona-de-deseuri-se-strang-saptamanal-de-la-soferii-de-pe-valea-oltului-politia-nu-a-dat-nicio-amenda-in-2022\/#breadcrumb"},"inLanguage":"en-US","potentialAction":[{"@type":"ReadAction","target":["https:\/\/www.green24.ro\/index.php\/2022\/06\/03\/o-tona-de-deseuri-se-strang-saptamanal-de-la-soferii-de-pe-valea-oltului-politia-nu-a-dat-nicio-amenda-in-2022\/"]}]},{"@type":"ImageObject","inLanguage":"en-US","@id":"https:\/\/www.green24.ro\/index.php\/2022\/06\/03\/o-tona-de-deseuri-se-strang-saptamanal-de-la-soferii-de-pe-valea-oltului-politia-nu-a-dat-nicio-amenda-in-2022\/#primaryimage","url":"https:\/\/www.green24.ro\/wp-content\/uploads\/2022\/06\/pollution-box-garbage-forest-nature-environment-disposal-waste-environmental-protection.jpeg","contentUrl":"https:\/\/www.green24.ro\/wp-content\/uploads\/2022\/06\/pollution-box-garbage-forest-nature-environment-disposal-waste-environmental-protection.jpeg","width":880,"height":586,"caption":"O ton\u0103 de de\u0219euri se str\u00e2ng s\u0103pt\u0103m\u00e2nal de la \u0219oferii de pe Valea Oltului."},{"@type":"BreadcrumbList","@id":"https:\/\/www.green24.ro\/index.php\/2022\/06\/03\/o-tona-de-deseuri-se-strang-saptamanal-de-la-soferii-de-pe-valea-oltului-politia-nu-a-dat-nicio-amenda-in-2022\/#breadcrumb","itemListElement":[{"@type":"ListItem","position":1,"name":"Home","item":"https:\/\/www.green24.ro\/"},{"@type":"ListItem","position":2,"name":"O ton\u0103 de de\u0219euri se str\u00e2ng s\u0103pt\u0103m\u00e2nal de la \u0219oferii de pe Valea Oltului. Poli\u021bia nu a dat nicio amend\u0103 \u00een 2022"}]},{"@type":"WebSite","@id":"https:\/\/www.green24.ro\/#website","url":"https:\/\/www.green24.ro\/","name":"Green24.ro","description":"Antreprenoriat verde si responsabilitatea social\u0103","publisher":{"@id":"https:\/\/www.green24.ro\/#organization"},"potentialAction":[{"@type":"SearchAction","target":{"@type":"EntryPoint","urlTemplate":"https:\/\/www.green24.ro\/?s={search_term_string}"},"query-input":{"@type":"PropertyValueSpecification","valueRequired":true,"valueName":"search_term_string"}}],"inLanguage":"en-US"},{"@type":"Organization","@id":"https:\/\/www.green24.ro\/#organization","name":"Green24","url":"https:\/\/www.green24.ro\/","logo":{"@type":"ImageObject","inLanguage":"en-US","@id":"https:\/\/www.green24.ro\/#\/schema\/logo\/image\/","url":"https:\/\/www.green24.ro\/wp-content\/uploads\/2022\/02\/green24-17-e1643806452346.png","contentUrl":"https:\/\/www.green24.ro\/wp-content\/uploads\/2022\/02\/green24-17-e1643806452346.png","width":174,"height":174,"caption":"Green24"},"image":{"@id":"https:\/\/www.green24.ro\/#\/schema\/logo\/image\/"},"sameAs":["https:\/\/www.facebook.com\/green24ro\/"]},{"@type":"Person","@id":"https:\/\/www.green24.ro\/#\/schema\/person\/275c7d10a2dd4fb528a2c0ad5d633496","name":"Redactia Green24","image":{"@type":"ImageObject","inLanguage":"en-US","@id":"https:\/\/www.green24.ro\/#\/schema\/person\/image\/","url":"https:\/\/secure.gravatar.com\/avatar\/ff0d3a759f98829f7ca35637ba02cb3c?s=96&d=mm&r=g","contentUrl":"https:\/\/secure.gravatar.com\/avatar\/ff0d3a759f98829f7ca35637ba02cb3c?s=96&d=mm&r=g","caption":"Redactia Green24"},"description":"Green24.ro este sursa zilnic\u0103 de \u0219tiri, online, pentru cei interesa\u021bi de mediul \u00eenconjur\u0103tor.","sameAs":["https:\/\/green24.ro","https:\/\/www.facebook.com\/green24ro\/"],"url":"https:\/\/www.green24.ro\/index.php\/author\/admin\/"}]}},"jetpack_publicize_connections":[],"jetpack_featured_media_url":"https:\/\/www.green24.ro\/wp-content\/uploads\/2022\/06\/pollution-box-garbage-forest-nature-environment-disposal-waste-environmental-protection.jpeg","jetpack_sharing_enabled":true,"_links":{"self":[{"href":"https:\/\/www.green24.ro\/index.php\/wp-json\/wp\/v2\/posts\/1063","targetHints":{"allow":["GET"]}}],"collection":[{"href":"https:\/\/www.green24.ro\/index.php\/wp-json\/wp\/v2\/posts"}],"about":[{"href":"https:\/\/www.green24.ro\/index.php\/wp-json\/wp\/v2\/types\/post"}],"author":[{"embeddable":true,"href":"https:\/\/www.green24.ro\/index.php\/wp-json\/wp\/v2\/users\/1"}],"replies":[{"embeddable":true,"href":"https:\/\/www.green24.ro\/index.php\/wp-json\/wp\/v2\/comments?post=1063"}],"version-history":[{"count":1,"href":"https:\/\/www.green24.ro\/index.php\/wp-json\/wp\/v2\/posts\/1063\/revisions"}],"predecessor-version":[{"id":1066,"href":"https:\/\/www.green24.ro\/index.php\/wp-json\/wp\/v2\/posts\/1063\/revisions\/1066"}],"wp:featuredmedia":[{"embeddable":true,"href":"https:\/\/www.green24.ro\/index.php\/wp-json\/wp\/v2\/media\/1064"}],"wp:attachment":[{"href":"https:\/\/www.green24.ro\/index.php\/wp-json\/wp\/v2\/media?parent=1063"}],"wp:term":[{"taxonomy":"category","embeddable":true,"href":"https:\/\/www.green24.ro\/index.php\/wp-json\/wp\/v2\/categories?post=1063"},{"taxonomy":"post_tag","embeddable":true,"href":"https:\/\/www.green24.ro\/index.php\/wp-json\/wp\/v2\/tags?post=1063"}],"curies":[{"name":"wp","href":"https:\/\/api.w.org\/{rel}","templated":true}]}}